{"id":2588,"date":"2022-05-14T10:33:29","date_gmt":"2022-05-14T08:33:29","guid":{"rendered":"https:\/\/innwerk.org\/?p=2588"},"modified":"2022-05-14T11:02:30","modified_gmt":"2022-05-14T09:02:30","slug":"update-003","status":"publish","type":"post","link":"https:\/\/innwerk.org\/en\/update-003\/","title":{"rendered":"Update #003"},"content":{"rendered":"<p class=\"has-text-align-center\">An alle&nbsp;<strong>INNWERK<\/strong>ler:innen und die die es noch werden wollen,<\/p>\n\n\n\n<p class=\"has-text-align-center\">es ist wieder viel passiert in der letzten Zeit und jetzt habe ich es endlich geschafft alles f\u00fcr Euch zusammenzuschreiben.<br>Ich kann Euch sagen: Jetzt geht es richtig los!!!<\/p>\n\n\n\n<p><strong>Themen<\/strong>: <br>Er\u00f6ffnungsfeier, Unsere Mitglieder und Engagierten, Das Team soll wachsen, Aufgebl\u00fcht &#8211; Passaus Gr\u00fcne Wochen, Nachhaltige Wochen im Juni\/Juli<\/p>\n\n\n\n<hr class=\"wp-block-separator\"\/>\n\n\n\n<h2 class=\"wp-block-heading\">1.&nbsp;<strong>Er\u00f6ffnungsfeier<\/strong><\/h2>\n\n\n\n<p>Ich werde nicht l\u00fcgen, die Vorbereitungen f\u00fcr die Er\u00f6ffnungsfeier waren kr\u00e4ftezehrend f\u00fcr jede:n von uns.<br>Als uns dann, am Samstag zur Er\u00f6ffnung, so viele Menschen besuchten war klar: Es hat sich mehr als gelohnt.<br>Endlich haben wir einen Platz zum Werken, Schneidern, kreativ werden. Wir freuen uns \u00fcber die vielen neuen Ideen und Euer Engagement, welche das Innwerk in Zukunft noch lebendiger machen werden.<br><br>Zurzeit k\u00f6nnen wir an 4 Tagen in der Woche regelm\u00e4\u00dfig f\u00fcr 2\/3 Stunden \u00f6ffnen.<br><strong><br>Montag: 14-17 Uhr \/ Dienstag: 17-20 Uhr \/ Donnerstag: 14-17 Uhr \/Samstag: 14-16 Uhr<\/strong><\/p>\n\n\n\n<p>Bitte meldet Euch bei uns, wenn Ihr zu einer anderen Zeit die Werkstatt nutzen wollt.<\/p>\n\n\n\n<h2 class=\"wp-block-heading\">2.&nbsp;Unsere Mitglieder und Engagierten<\/h2>\n\n\n\n<p>Wir m\u00f6chten hier auch ein gro\u00dfes DANKESCH\u00d6N an unsere Mitglieder und alle Engagierten Innwerkler:innen aussprechen.<br>Danke f\u00fcrs:<\/p>\n\n\n\n<p>Flyer und Poster verteilen<br>Werbung machen<br>Werkstatt ausbauen<br>Schaufenster bekleben<br>Kuchen backen<\/p>\n\n\n\n<p>&#8230;und vor allem f\u00fcrs dabei sein. Ihr seid der Hammer!<\/p>\n\n\n\n<h2 class=\"wp-block-heading\">3.&nbsp;<strong>Das Team soll wachsen<\/strong><\/h2>\n\n\n\n<p>Wir hoffen, dass wir bald noch mehr Menschen f\u00fcr unser Team gewinnen k\u00f6nnen.<br>Bitte meldet euch bei uns oder schaut im Innwerk vorbei, wenn ihr miterleben wollt, was es bedeutet ein eigenes Projekt, wie diese Werkstatt, von Grund auf aufzubauen.<br>Wir haben es schon des \u00d6fteren gesagt, aber hier noch einmal:<br><br><strong>IHR M\u00dcSST KEINE EXPERT:INNEN IN IRGENDWAS SEIN, UM MITZUMACHEN!<\/strong><br><br>Es geht hier um das \u201eLearning by Selber-Doing\u201c. Alles was wir hier machen ist erlernbar und Ihr habt Menschen um Euch, welche gerne ihre F\u00e4higkeiten teilen.<br>Traut Euch und werdet Teil des Innwerk-Teams.<\/p>\n\n\n\n<p>Wir treffen uns momentan zweiw\u00f6chentlich mittwochs in der <strong>Dr.-Hans-Kapfinger-Stra\u00dfe 14b im Seminarraum 008. <\/strong>Das n\u00e4chste Treffen findet am <strong>18.5.<\/strong> statt.<\/p>\n\n\n\n<p>Wir freuen uns auf Euch.<\/p>\n\n\n\n<h2 class=\"wp-block-heading\">4. Aufgebl\u00fcht &#8211; Passaus Gr\u00fcne Woche<\/h2>\n\n\n\n<p>Am kommenden Montag den 16.5 startet die &#8222;<a href=\"https:\/\/www.cmp-passau.de\/files\/dateien\/pdf\/20220511_Programm-GrueneWoche..pdf\" data-type=\"URL\" data-id=\"https:\/\/www.cmp-passau.de\/files\/dateien\/pdf\/20220511_Programm-GrueneWoche..pdf\" target=\"_blank\" rel=\"noreferrer noopener\">Passauer Gr\u00fcne Woche<\/a>&#8222;. An 6 Tagen dreht sich in der Passauer Innenstadt alles um die Themen: Gesunde Ern\u00e4hrung, die Pflanzenwelt und um Nachhaltigkeit.<\/p>\n\n\n\n<p>Wir sind mit dem Innwerk auch dabei! <br><strong>On the 18.10.2023<\/strong> <strong>Freitag den 20.5 findet ihr unseren Infostand von 10 &#8211; 18 Uhr in der Ludwigsstra\u00dfe. <\/strong><br>Hierf\u00fcr suchen wir noch <strong>UNTERST\u00dcTZER:INNEN<\/strong>!<br><br>Wenn Ihr also dabei sein und das Innwerk an diesem Tag den Passauer:innen vorstellen wollt, meldet Euch bitte bei uns. <\/p>\n\n\n\n<h2 class=\"wp-block-heading\">5. Nachhaltige Wochen im Juni\/Juli<\/h2>\n\n\n\n<p>Vom <strong>20.6 &#8211; 4.7<\/strong> finden dieses Jahr die <strong>Nachhaltigen Wochen unter dem Titel &#8222;Visionen einer nachhaltigen Zukunft&#8220;<\/strong> statt.<br>Organisiert werden diese von der Hochschulgruppe Nachhaltigkeit, welche uns dazu eingeladen hat einen Programmpunkt beizutragen.<br>Wir freuen uns sehr auf die Zusammenarbeit und auf dieses tolle Event!<\/p>\n\n\n\n<p>Auch hier suchen wir noch <strong>UNTERST\u00dcTZUNG<\/strong>! Du hast eine tolle Idee oder m\u00f6chtest einfach mit anpacken. <br>Bitte melde dich bei uns \ud83d\ude42 <\/p>\n\n\n\n<hr class=\"wp-block-separator\"\/>\n\n\n\n<p class=\"has-text-align-center\">Das wars von unserer Seite. Wir sind gespannt, was die kommenden Wochen bringen werden und freuen uns darauf Euch nun \u00f6fters in der Werkstatt zu sehen.<\/p>\n\n\n\n<p class=\"has-text-align-center\">Euer<\/p>\n\n\n\n<h4 class=\"has-text-align-center\"><img decoding=\"async\" class=\"wp-image-574\" style=\"width: 50px; vertical-align: middle !important;\" src=\"https:\/\/innwerk.org\/wp-content\/uploads\/2022\/03\/Outline.png\" alt=\"\">-TEAM<\/h4>\n\n\n\n<p><\/p>","protected":false},"excerpt":{"rendered":"<p>An alle&nbsp;INNWERKler:innen und die die es noch werden wollen, es ist wieder viel passiert in der letzten Zeit und jetzt habe ich es endlich geschafft alles f\u00fcr Euch zusammenzuschreiben.Ich kann Euch sagen: Jetzt geht es richtig los!!! Themen: Er\u00f6ffnungsfeier, Unsere Mitglieder und Engagierten, Das Team soll wachsen, Aufgebl\u00fcht &#8211; Passaus Gr\u00fcne Wochen, Nachhaltige Wochen im&hellip;&nbsp;<a href=\"https:\/\/innwerk.org\/en\/update-003\/\" rel=\"bookmark\">Read More &raquo;<span class=\"screen-reader-text\">Update #003<\/span><\/a><\/p>","protected":false},"author":4,"featured_media":2593,"comment_status":"closed","ping_status":"closed","sticky":false,"template":"","format":"standard","meta":{"neve_meta_sidebar":"","neve_meta_container":"","neve_meta_enable_content_width":"","neve_meta_content_width":0,"neve_meta_title_alignment":"","neve_meta_author_avatar":"","neve_post_elements_order":"","neve_meta_disable_header":"","neve_meta_disable_footer":"","neve_meta_disable_title":"","_vp_format_video_url":"","_vp_image_focal_point":[],"footnotes":""},"categories":[1],"tags":[],"class_list":["post-2588","post","type-post","status-publish","format-standard","has-post-thumbnail","hentry","category-allgemein"],"_links":{"self":[{"href":"https:\/\/innwerk.org\/en\/wp-json\/wp\/v2\/posts\/2588","targetHints":{"allow":["GET"]}}],"collection":[{"href":"https:\/\/innwerk.org\/en\/wp-json\/wp\/v2\/posts"}],"about":[{"href":"https:\/\/innwerk.org\/en\/wp-json\/wp\/v2\/types\/post"}],"author":[{"embeddable":true,"href":"https:\/\/innwerk.org\/en\/wp-json\/wp\/v2\/users\/4"}],"replies":[{"embeddable":true,"href":"https:\/\/innwerk.org\/en\/wp-json\/wp\/v2\/comments?post=2588"}],"version-history":[{"count":8,"href":"https:\/\/innwerk.org\/en\/wp-json\/wp\/v2\/posts\/2588\/revisions"}],"predecessor-version":[{"id":2599,"href":"https:\/\/innwerk.org\/en\/wp-json\/wp\/v2\/posts\/2588\/revisions\/2599"}],"wp:featuredmedia":[{"embeddable":true,"href":"https:\/\/innwerk.org\/en\/wp-json\/wp\/v2\/media\/2593"}],"wp:attachment":[{"href":"https:\/\/innwerk.org\/en\/wp-json\/wp\/v2\/media?parent=2588"}],"wp:term":[{"taxonomy":"category","embeddable":true,"href":"https:\/\/innwerk.org\/en\/wp-json\/wp\/v2\/categories?post=2588"},{"taxonomy":"post_tag","embeddable":true,"href":"https:\/\/innwerk.org\/en\/wp-json\/wp\/v2\/tags?post=2588"}],"curies":[{"name":"wp","href":"https:\/\/api.w.org\/{rel}","templated":true}]}}